{"id":5831,"date":"2021-06-04T15:23:39","date_gmt":"2021-06-04T15:23:39","guid":{"rendered":"https:\/\/extempore.hr\/mauro-stipanov\/"},"modified":"2021-10-13T09:34:15","modified_gmt":"2021-10-13T09:34:15","slug":"mauro-stipanov","status":"publish","type":"post","link":"https:\/\/extempore.hr\/sl\/mauro-stipanov\/","title":{"rendered":"Mauro Stipanov"},"content":{"rendered":"<p><div class=\"fusion-fullwidth fullwidth-box fusion-builder-row-1 fusion-flex-container nonhundred-percent-fullwidth non-hundred-percent-height-scrolling\" style=\"--awb-background-repeat:repeat;--awb-border-radius-top-left:0px;--awb-border-radius-top-right:0px;--awb-border-radius-bottom-right:0px;--awb-border-radius-bottom-left:0px;--awb-padding-top:0px;--awb-padding-bottom:0px;--awb-flex-wrap:wrap;\" ><div class=\"fusion-builder-row fusion-row fusion-flex-align-items-center fusion-flex-justify-content-center fusion-flex-content-wrap\" style=\"max-width:1216.8px;margin-left: calc(-4% \/ 2 );margin-right: calc(-4% \/ 2 );\"><div class=\"fusion-layout-column fusion_builder_column fusion-builder-column-0 fusion_builder_column_1_1 1_1 fusion-flex-column\" style=\"--awb-bg-size:cover;--awb-width-large:100%;--awb-margin-top-large:0px;--awb-spacing-right-large:1.92%;--awb-margin-bottom-large:0px;--awb-spacing-left-large:1.92%;--awb-width-medium:100%;--awb-order-medium:0;--awb-spacing-right-medium:1.92%;--awb-spacing-left-medium:1.92%;--awb-width-small:100%;--awb-order-small:0;--awb-spacing-right-small:1.92%;--awb-spacing-left-small:1.92%;\"><div class=\"fusion-column-wrapper fusion-column-has-shadow fusion-flex-justify-content-flex-start fusion-content-layout-column\"><div class=\"fusion-separator fusion-no-small-visibility fusion-no-medium-visibility fusion-full-width-sep\" style=\"align-self: center;margin-left: auto;margin-right: auto;margin-top:150px;width:100%;\"><\/div>\n<\/div><\/div><div class=\"fusion-layout-column fusion_builder_column fusion-builder-column-1 fusion_builder_column_3_5 3_5 fusion-flex-column fusion-flex-align-self-flex-start fusion-column-no-min-height\" style=\"--awb-padding-top:6%;--awb-padding-right:6%;--awb-padding-bottom:6%;--awb-padding-left:6%;--awb-overflow:hidden;--awb-bg-size:cover;--awb-border-color:rgba(71,58,153,0.42);--awb-border-bottom:2px;--awb-border-style:dotted;--awb-border-radius:50% 50% 50% 50%;--awb-filter:saturate(110%) brightness(120%) contrast(120%) opacity(90%);--awb-filter-transition:filter 0.3s ease;--awb-filter-hover:saturate(0%) brightness(124%) contrast(132%) opacity(90%);--awb-width-large:60%;--awb-margin-top-large:0px;--awb-spacing-right-large:3.2%;--awb-margin-bottom-large:40px;--awb-spacing-left-large:3.2%;--awb-width-medium:60%;--awb-order-medium:0;--awb-spacing-right-medium:3.2%;--awb-spacing-left-medium:3.2%;--awb-width-small:100%;--awb-order-small:0;--awb-spacing-right-small:1.92%;--awb-spacing-left-small:1.92%;\"><div class=\"fusion-column-wrapper fusion-column-has-shadow fusion-flex-justify-content-flex-start fusion-content-layout-column\"><div class=\"fusion-image-element \" style=\"text-align:center;--awb-max-width:620px;--awb-caption-title-font-family:var(--h2_typography-font-family);--awb-caption-title-font-weight:var(--h2_typography-font-weight);--awb-caption-title-font-style:var(--h2_typography-font-style);--awb-caption-title-size:var(--h2_typography-font-size);--awb-caption-title-transform:var(--h2_typography-text-transform);--awb-caption-title-line-height:var(--h2_typography-line-height);--awb-caption-title-letter-spacing:var(--h2_typography-letter-spacing);\"><span class=\" fusion-imageframe imageframe-none imageframe-1 hover-type-zoomin fusion-animated\" style=\"border-radius:50%;\" data-animationType=\"fadeInRight\" data-animationDuration=\"1.0\" data-animationOffset=\"top-into-view\"><img decoding=\"async\" width=\"600\" height=\"600\" alt=\"Desfiles\" title=\"Extempore\" src=\"https:\/\/extempore.hr\/wp-content\/uploads\/2021\/06\/Extempore_nopicture-600x600-1.jpg\" class=\"img-responsive wp-image-5833\" srcset=\"https:\/\/extempore.hr\/wp-content\/uploads\/2021\/06\/Extempore_nopicture-600x600-1-200x200.jpg 200w, https:\/\/extempore.hr\/wp-content\/uploads\/2021\/06\/Extempore_nopicture-600x600-1-400x400.jpg 400w, https:\/\/extempore.hr\/wp-content\/uploads\/2021\/06\/Extempore_nopicture-600x600-1.jpg 600w\" sizes=\"(max-width: 1024px) 100vw, (max-width: 640px) 100vw, 600px\" \/><\/span><\/div><\/div><\/div><div class=\"fusion-layout-column fusion_builder_column fusion-builder-column-2 fusion_builder_column_2_5 2_5 fusion-flex-column fusion-animated\" style=\"--awb-bg-size:cover;--awb-width-large:40%;--awb-margin-top-large:20px;--awb-spacing-right-large:4.8%;--awb-margin-bottom-large:20px;--awb-spacing-left-large:4.8%;--awb-width-medium:40%;--awb-order-medium:0;--awb-spacing-right-medium:9.6%;--awb-spacing-left-medium:0%;--awb-width-small:100%;--awb-order-small:0;--awb-margin-top-small:0px;--awb-spacing-right-small:1.92%;--awb-spacing-left-small:1.92%;\" data-animationType=\"fadeInLeft\" data-animationDuration=\"1.0\" data-animationOffset=\"top-into-view\"><div class=\"fusion-column-wrapper fusion-column-has-shadow fusion-flex-justify-content-center fusion-content-layout-column\"><div class=\"fusion-text fusion-text-1\" style=\"--awb-font-size:20px;--awb-line-height:30px;\"><p>\u2014\u00a0 Mauro Stipanov<br \/>Slikar<\/p>\n<\/div><div class=\"fusion-title title fusion-title-1 fusion-sep-none fusion-title-text fusion-title-size-two\" style=\"--awb-margin-top:0px;--awb-margin-bottom:30px;--awb-margin-top-small:12px;--awb-margin-right-small:0px;--awb-margin-bottom-small:20px;--awb-margin-left-small:0px;--awb-font-size:2em;\"><h2 class=\"fusion-title-heading title-heading-left fusion-responsive-typography-calculated\" style=\"margin:0;font-size:1em;--fontSize:32;line-height:1.05;\">Gro\u017enjanski Ex tempore je mednarodna,&#8230;<\/h2><\/div><div class=\"fusion-text fusion-text-2\" style=\"--awb-font-size:15px;--awb-line-height:2.1;\"><p style=\"text-align: justify;\">slikarska prireditev, ki so jo zasnovali prof. Erna Toncini- ch, prof. Sergio Molesi in prof. Roberto Ambrosi, v nekem smislu tudi kot nadaljevanje Ex tem- pora v Labinu, ki se je za\u010del daljnega leta 1968 (samo leto za piranskim) in bil ukinjen ob za\u010detku osemdesetih let 20. stoletja.<\/p>\n<\/div><\/div><\/div><\/div><\/div><div class=\"fusion-fullwidth fullwidth-box fusion-builder-row-2 fusion-flex-container nonhundred-percent-fullwidth non-hundred-percent-height-scrolling\" style=\"--awb-border-radius-top-left:0px;--awb-border-radius-top-right:0px;--awb-border-radius-bottom-right:0px;--awb-border-radius-bottom-left:0px;--awb-padding-top:0px;--awb-padding-bottom:0px;--awb-padding-top-medium:40px;--awb-padding-bottom-medium:40px;--awb-padding-top-small:0px;--awb-background-image:linear-gradient(190deg, rgba(38,36,80,0.72) 24%,#262450 62%);--awb-flex-wrap:wrap;\" ><div class=\"fusion-builder-row fusion-row fusion-flex-align-items-flex-start fusion-flex-content-wrap\" style=\"max-width:1216.8px;margin-left: calc(-4% \/ 2 );margin-right: calc(-4% \/ 2 );\"><div class=\"fusion-layout-column fusion_builder_column fusion-builder-column-3 fusion_builder_column_1_1 1_1 fusion-flex-column\" style=\"--awb-padding-top:0px;--awb-bg-size:cover;--awb-width-large:100%;--awb-margin-top-large:0px;--awb-spacing-right-large:1.92%;--awb-margin-bottom-large:20px;--awb-spacing-left-large:1.92%;--awb-width-medium:50%;--awb-order-medium:0;--awb-spacing-right-medium:3.84%;--awb-margin-bottom-medium:0px;--awb-spacing-left-medium:3.84%;--awb-width-small:100%;--awb-order-small:0;--awb-spacing-right-small:1.92%;--awb-spacing-left-small:1.92%;\"><div class=\"fusion-column-wrapper fusion-column-has-shadow fusion-flex-justify-content-flex-start fusion-content-layout-column\"><div class=\"fusion-text fusion-text-3 awb-text-cols fusion-text-columns-3\" style=\"--awb-font-size:15px;--awb-columns:3;--awb-column-spacing:2em;--awb-column-min-width:200px;\"><p style=\"text-align: justify;\"><span class=\"fusion-dropcap dropcap\" style=\"--awb-color:#18102a;\">N<\/span>a prvem Ex temporu pred devetnajstimi leti je sodelovalo le kakih trideset umetnikov, do danes pa se ga je udele\u017eilo \u017ee ve\u010d kot dva tiso\u010d ustvarjalcev iz razli\u010dnih predelov Hrva\u0161ke, Italije, Slo- venije, Avstrije in drugih de\u017eel. Sam sem na prireditvi sodeloval ve\u010dkrat, nekajkrat tudi kot \u010dlan \u017eirije: ugotavljam, da je glede na kakovost del in \u0161tevilo sodelujo\u010dih ustvarjalcev gro\u017enjanski Ex tempore postal pravi praznik umetnosti, eden najvidnej\u0161ih v vsej regiji, in da je ob nate\u010daju \u201eIstria Nobilissima\u201c najpomembnej\u0161a prireditev, ki jo organizirata Italijanska Unija in Ljudska Univerza iz Trsta.<\/p>\n<\/div><\/div><\/div><\/div><\/div><\/p>\n","protected":false},"excerpt":{"rendered":"","protected":false},"author":1,"featured_media":5833,"comment_status":"closed","ping_status":"closed","sticky":false,"template":"","format":"standard","meta":{"footnotes":""},"categories":[78],"tags":[],"class_list":["post-5831","post","type-post","status-publish","format-standard","has-post-thumbnail","hentry","category-o-extemporeu-sl"],"_links":{"self":[{"href":"https:\/\/extempore.hr\/sl\/wp-json\/wp\/v2\/posts\/5831","targetHints":{"allow":["GET"]}}],"collection":[{"href":"https:\/\/extempore.hr\/sl\/wp-json\/wp\/v2\/posts"}],"about":[{"href":"https:\/\/extempore.hr\/sl\/wp-json\/wp\/v2\/types\/post"}],"author":[{"embeddable":true,"href":"https:\/\/extempore.hr\/sl\/wp-json\/wp\/v2\/users\/1"}],"replies":[{"embeddable":true,"href":"https:\/\/extempore.hr\/sl\/wp-json\/wp\/v2\/comments?post=5831"}],"version-history":[{"count":2,"href":"https:\/\/extempore.hr\/sl\/wp-json\/wp\/v2\/posts\/5831\/revisions"}],"predecessor-version":[{"id":5971,"href":"https:\/\/extempore.hr\/sl\/wp-json\/wp\/v2\/posts\/5831\/revisions\/5971"}],"wp:featuredmedia":[{"embeddable":true,"href":"https:\/\/extempore.hr\/sl\/wp-json\/wp\/v2\/media\/5833"}],"wp:attachment":[{"href":"https:\/\/extempore.hr\/sl\/wp-json\/wp\/v2\/media?parent=5831"}],"wp:term":[{"taxonomy":"category","embeddable":true,"href":"https:\/\/extempore.hr\/sl\/wp-json\/wp\/v2\/categories?post=5831"},{"taxonomy":"post_tag","embeddable":true,"href":"https:\/\/extempore.hr\/sl\/wp-json\/wp\/v2\/tags?post=5831"}],"curies":[{"name":"wp","href":"https:\/\/api.w.org\/{rel}","templated":true}]}}